{"id":2300,"date":"2013-11-14T14:19:28","date_gmt":"2013-11-14T13:19:28","guid":{"rendered":"http:\/\/www.valledearce.com\/?p=2300"},"modified":"2020-02-04T17:32:45","modified_gmt":"2020-02-04T16:32:45","slug":"artzibar-en-los-mapas-historia","status":"publish","type":"post","link":"https:\/\/www.valledearce.com\/eu\/geografia-naturaleza\/artzibar-en-los-mapas-historia\/","title":{"rendered":"Artzibar mapetan. Historia."},"content":{"rendered":"<p><strong>ARTZIBAR KARTOGRAFIA HISTORIKOAN.\u00a0(Testua eta hasierako irudiak: Jose Etxegoien)<\/strong><\/p>\n<p><strong>Mapen historiaren gainean.<\/strong><\/p>\n<p><em>Mapak eta planoak funtsezko tresnak izan dira mundua ulertzeko, baina aldi berean, politikarako eta propagandarako baliatu dira, abantaila batekin, gainera; hots, objektibotasun faltsuaren aire batekin aurkeztu dira, &lt;&lt;deskribapen zientifikoa&gt;&gt; balira bezala, eta benetako interesak ezkutatu dira, hau da, noren zerbitzuan ari diren, eta zer aurreiritzik inspiratzen dituzten ere bai. Geopolitika alemanak, adibidez, mapak erabili zituen, lurraldea hedatzeko xedeak justifikatzeko, eta horrek ederki adierazten digu noraino manipulatu daitekeen adierazpen kartografikoa. <\/em><\/p>\n<p style=\"text-align: right;\">Josep Fontana, 1999<\/p>\n<p><em>Zalantzarik gabe, modu aunitz dira mapak ikusteko. Haietarik guztietarik, bi nabarmendu nahi ditut; bidaiariaren ikusmoldea, eta setiatuaren ikuspegia. Sobran dago erratea mapen zer ikuspegi mota aplikagarri zaien Hezkuntzako gure arduradunei. Ez gara errepikatzen hasiko denok gure egiten ditugun ideiak, hau da, zeinen garrantzi handia duen kartografiak gizarte zientzien irakaskuntzan, eta bereziki, kontzeptuzko eta jarrerazko edukiez egiten den manipulazio subliminala, kartografia historiko anakronikoen bidez, iragana egungo interes jakin batzuetara eta haien etorkizuneko proiektu ideologikoetara doitzeko; baina nire ustez, egokia da erratea zer hezkuntza-eredu datzan mapen ikuspegi defentsibo, militar eta setiozkoaren ikuspegi horren azpian: xedea ez da neska-mutilak prestatzea bizitza heldu autonomo eta kritiko baterako, nork bere iritzia izateko, baizik eta pelaioak sortzea. Horrela, pelaioak ez dira harrituko telebistan ikusteaz zonaldekatze zentzugabez beteriko eguraldi mapak, zeren, iduri baitu debekatu egin nahi dietela ipar-mendebaldeko euriei foru lurralderako sarbidea, miasma separatistaz kutsaturik etortzen badira ere \u2026<\/em><\/p>\n<p style=\"text-align: right;\">Bixente Serrano Izko, Nafarroako mapei buruz. 2002<\/p>\n<p>Mapa, hasieran, ia irudi metaforikoa eta apainketarakoa izan zen; metaforikoa, zeren oso gutxi adierazten baitzuen errealitate geografikoa, eta apainketarakoa, zeren, arlo artistikoa gehiago azpimarratzen baitzen, informazioa baino.<\/p>\n<p>Erdi Aroan hobetzen joan zen, eta poliki-poliki, errealitate geografikora hurbiltzen ari ziren. Erregeek, nobleek eta elizgizonek gero eta gehiago jakin nahi zuten zer luze-zabalera zuten beren jabetzapeko lurrek, mapen alde artistikoa ahaztu gabe.<\/p>\n<p>XVIII. mendean gero eta gehiago hasi zen tokian bertan aztertzen, erliebea fidelago marrazteko eta interpretatzeko. Alderdi militarra gorpuztu zen, bide nagusien, ibai, mendi, mendikateen, mugen eta abarren deskribapena hobetu zen. Eta distantziak markatzen hasi ziren.<\/p>\n<p>Arlo militarra kartografiaren garapenaren eragile nagusia izan zen, geografia aztertzen laguntzeko, Yves Lacosteren geografia-liburu baten izenburuak dioen bezala: <em>\u201cgeografia, gerrarako arma da\u201d.<\/em><\/p>\n<p>Geografia eta kartografia militarren nahiz estatuen eskutik helduta joan ziren, konkistetarako, gerretarako\u2026 , zertarako eta haien interes kolonialistak garatzeko, haien ekonomia sustatzeko.<\/p>\n<ol>\n<li>mendeak aplikazio berriak ekarri zituen; ekonomia, turismoa\u2026 eta, gaur egun, guztion eskura dago. Horrela, kartografia modernoan nabarmentzekoak dira ortofotoak edo satelite bidezko argazkiak, oso errazak baitira eskuratzeko, eta haietan oinarrituta, eta GPSaren bidez, edonork bidea trazatu eta nahi duena ikus dezake.<\/li>\n<\/ol>\n<p>Kartografia maite dugunok, funtsezko bi webgune ditugu eskura. Batetik, Google Earth, mundu zabalean barna bilatzeko, eta bertzetik, Sitnaren ataria, zehaztasun eta kalitate handikoa.<\/p>\n<p><strong>Artzibar mapetan.<\/strong><\/p>\n<p>Nafar Pirinioak XVII. mendean hasi zen lehen aldiz mapetan agertzen; frantses kartografoek Nafarroari buruz egindako mapen deskribapenetan. Zehaztasunik ez dute, eta askotan, ibai nahiz herri izenak ageri ziren, mapan kabitzen ziren ala ez.<\/p>\n<p>Denborarekin, bide nagusiak agertzen hasi ziren, ibaiak eta herriak zehatzago kokatzen dira, eta ibar izenak ere ageri dira.<\/p>\n<p>Joko horretan, Artzibar da kaltetuena, <em>\u201cVal de Roncevaux\u201d<\/em> edo Orreaga Ibarra edo Aezkoako izena Irati ibar guztira zabaltzen baitzen.<\/p>\n<p>Mapa batzuek besteengandik kopiatuko dira; batzuk teknikariak hasi ziren bidaltzen, tokian bertan informazioa jasotzeko; erresumen edo estatuen arteko mugak zehatz-mehatz zedarritzen hasi ziren; beraz, mendira joan beharra dute mugaketa-lerroa erabakitzeko\u2026<\/p>\n<p>XIX. mendean hasi ziren Pirinioetako bideak mapetan agertzen, eta herrien izenak ugaltzen; ia denak agertzen ziren, eta are gehiago, mugak eta ibarraren izena ere ageri dira erdaraz: \u201cArce\u201d.<\/p>\n<p>Urrobi bidearen bidea marraztu zen, ibarreko errepide bakar eta nagusia; gero, Garraldatik Orotzera doan errepidea, 1920ko hamarkadan Itoitzeraino luzatu baino lehen; tarteka, bide garrantzitsu batzuk agertu eta desagertzen ziren, hala nola, Lusarreta-Esnotz, ia errepide bihurtutakoa; bide bat ageri da aipatua Nagoretik Erroibarrera, baina ez dakigu oraindik zein. 1889tik aurrera, errepide berria kokatzen hasi zen, hots, Hiriberri-Arrieta-Lusarretako bidegurutzetik Auritz-Aurizberriko ordokiraino, beti trazatu berria eta zaharra markatuta\u2026<\/p>\n<p>1924an, abelbide azterlan bat egin zen. Horrela, Aezkoakoa Arizkuren ondotik ageri da, edota Ibarreko 45. <em>\u201ctraviesa\u201d<\/em> , Azparrendik Orotz, Muniain, Nagore eta Olorizbeitira zihoana, Zazpetik Lizoainibarrera igarotzeko. (Bide interesgarria, gutxienez ere tarte bat lehengoratzeko).<\/p>\n<p>Gaur egun, ordea, teknologiak kartografia tradizionala gainditu du, eta toki guztietara iritsi da; tira, sakelakoak ez ibar osora, eta internet hortxe-hortxe.<\/p>\n<p>Ondoren, Ibarreko historia kartografikoaren ikusizko ibilbide txiki bat egin dugu, mapa historikoen xehetasun batzuk nabarmentzeko.<\/p>\n<p>Beharbada, mapei buruzko olerki eder honen bidez bukatu beharko genuke. Anibal Nazoak eta Juan Carlos N\u00fa\u00f1ezek egina, Rosa Le\u00f3nek edo Soledad Bravok abesten zuten.<\/p>\n<table>\n<tbody>\n<tr>\n<td width=\"216\"><em>1. Entre tu pueblo y mi pueblo<\/em><\/p>\n<p><em>hay un punto y una raya<\/em><\/p>\n<p><em>la raya dice no hay paso<\/em><\/p>\n<p><em>el punto v\u00eda cerrada.<\/em><\/td>\n<td width=\"216\"><em>3. Caminando por el mundo<\/em><\/p>\n<p><em>se ven r\u00edos y monta\u00f1as<\/em><\/p>\n<p><em>se ven selvas y desiertos<\/em><\/p>\n<p><em>pero ni puntos ni rayas.<\/em><\/td>\n<\/tr>\n<tr>\n<td width=\"216\"><em>2. Y as\u00ed, entre todos los pueblos<\/em><\/p>\n<p><em>raya y punto, punto y raya<\/em><\/p>\n<p><em>con tantas rayas y puntos<\/em><\/p>\n<p><em>el mapa es un telegrama.<\/em><\/td>\n<td width=\"216\"><em>4. Porque esas cosas no existen \u2028<\/em><em>sino que fueron trazadas \u2028<\/em><em>para que mi hambre y la tuya \u2028<\/em><\/p>\n<p><em>est\u00e9n siempre separadas.<\/em><\/td>\n<\/tr>\n<\/tbody>\n<\/table>\n<p><strong>MAPA HISTORIKOAK.<\/strong><\/p>\n<div id=\"attachment_2302\" class=\"wp-caption aligncenter\" style=\"max-width:100% !important;height:auto;width:auto;\"><a href=\"http:\/\/www.valledearce.com\/wp-content\/uploads\/2013\/11\/1620-51-HHondius-Naf-artzibar-mapa.jpg\"><img decoding=\"async\" loading=\"lazy\" class=\"size-full wp-image-2302 \" src=\"http:\/\/www.valledearce.com\/wp-content\/uploads\/2013\/11\/1620-51-HHondius-Naf-artzibar-mapa.jpg\" alt=\"1620-51 HHondius Naf artzibar mapa\" width=\"600\" height=\"587\" srcset=\"https:\/\/www.valledearce.com\/wp-content\/uploads\/2013\/11\/1620-51-HHondius-Naf-artzibar-mapa.jpg 600w, https:\/\/www.valledearce.com\/wp-content\/uploads\/2013\/11\/1620-51-HHondius-Naf-artzibar-mapa-300x293.jpg 300w\" sizes=\"(max-width: 600px) 100vw, 600px\" \/><\/a><p class=\"wp-caption-text\">1620-51. urtea. Nafarroako mapa baten xehetasuna.<\/p><\/div>\n<div id=\"attachment_2303\" class=\"wp-caption aligncenter\" style=\"max-width:100% !important;height:auto;width:auto;\"><a href=\"http:\/\/www.valledearce.com\/wp-content\/uploads\/2013\/11\/1650-Nicolas-Sanson-Guienne-Naf-mapa.jpg\"><img decoding=\"async\" loading=\"lazy\" class=\"size-full wp-image-2303 \" src=\"http:\/\/www.valledearce.com\/wp-content\/uploads\/2013\/11\/1650-Nicolas-Sanson-Guienne-Naf-mapa.jpg\" alt=\"1650 Nicolas Sanson Guienne Naf mapa\" width=\"600\" height=\"486\" srcset=\"https:\/\/www.valledearce.com\/wp-content\/uploads\/2013\/11\/1650-Nicolas-Sanson-Guienne-Naf-mapa.jpg 600w, https:\/\/www.valledearce.com\/wp-content\/uploads\/2013\/11\/1650-Nicolas-Sanson-Guienne-Naf-mapa-300x243.jpg 300w\" sizes=\"(max-width: 600px) 100vw, 600px\" \/><\/a><p class=\"wp-caption-text\">1650. urtea.\u00a0 La Guienne, -Guyenaren maparen xehetasuna, N. Sansonek egina. Mapak zenbat eta eremu gehiago hartu, orduan eta zehaztasun gutxiago ematen zen.<\/p><\/div>\n<div id=\"attachment_2304\" class=\"wp-caption aligncenter\" style=\"max-width:100% !important;height:auto;width:auto;\"><a href=\"http:\/\/www.valledearce.com\/wp-content\/uploads\/2013\/11\/1652-NSanson-Naf-mapa.jpg\"><img decoding=\"async\" loading=\"lazy\" class=\"size-full wp-image-2304 \" src=\"http:\/\/www.valledearce.com\/wp-content\/uploads\/2013\/11\/1652-NSanson-Naf-mapa.jpg\" alt=\"1652 NSanson Naf mapa\" width=\"600\" height=\"500\" srcset=\"https:\/\/www.valledearce.com\/wp-content\/uploads\/2013\/11\/1652-NSanson-Naf-mapa.jpg 600w, https:\/\/www.valledearce.com\/wp-content\/uploads\/2013\/11\/1652-NSanson-Naf-mapa-300x250.jpg 300w\" sizes=\"(max-width: 600px) 100vw, 600px\" \/><\/a><p class=\"wp-caption-text\">1652. urtea. Nafarroako mapa baten xehetasuna, N. Sansonek egina. Ibai nagusiak hobeki kokatu zituzten, bai eta haien inguruko zenbait herri ere.<\/p><\/div>\n<div id=\"attachment_2306\" class=\"wp-caption aligncenter\" style=\"max-width:100% !important;height:auto;width:auto;\"><a href=\"http:\/\/www.valledearce.com\/wp-content\/uploads\/2013\/11\/1657-Naf-erreinua-mapa.jpg\"><img decoding=\"async\" loading=\"lazy\" class=\"size-full wp-image-2306 \" src=\"http:\/\/www.valledearce.com\/wp-content\/uploads\/2013\/11\/1657-Naf-erreinua-mapa.jpg\" alt=\"1657 Naf erreinua mapa\" width=\"600\" height=\"465\" srcset=\"https:\/\/www.valledearce.com\/wp-content\/uploads\/2013\/11\/1657-Naf-erreinua-mapa.jpg 600w, https:\/\/www.valledearce.com\/wp-content\/uploads\/2013\/11\/1657-Naf-erreinua-mapa-300x232.jpg 300w\" sizes=\"(max-width: 600px) 100vw, 600px\" \/><\/a><p class=\"wp-caption-text\">1657. urtea. Nafarroako mapa baten xehetasuna.<\/p><\/div>\n<div id=\"attachment_2307\" class=\"wp-caption aligncenter\" style=\"max-width:100% !important;height:auto;width:auto;\"><a href=\"http:\/\/www.valledearce.com\/wp-content\/uploads\/2013\/11\/1667-Guienne-Naf-NSanson-mapa.jpg\"><img decoding=\"async\" loading=\"lazy\" class=\"size-full wp-image-2307 \" src=\"http:\/\/www.valledearce.com\/wp-content\/uploads\/2013\/11\/1667-Guienne-Naf-NSanson-mapa.jpg\" alt=\"1667 Guienne Naf NSanson mapa\" width=\"600\" height=\"430\" srcset=\"https:\/\/www.valledearce.com\/wp-content\/uploads\/2013\/11\/1667-Guienne-Naf-NSanson-mapa.jpg 600w, https:\/\/www.valledearce.com\/wp-content\/uploads\/2013\/11\/1667-Guienne-Naf-NSanson-mapa-300x215.jpg 300w\" sizes=\"(max-width: 600px) 100vw, 600px\" \/><\/a><p class=\"wp-caption-text\">1667. urtea.\u00a0 Guienne, -Guyenaren maparen xehetasuna,\u00a0 N. Sansonek egina. Zenbat eta datu eta marrazki gehiago sartu (mendiak, ibaiak&#8230;) informazio zehatz gutxiago eman ahal zen.<\/p><\/div>\n<p>&nbsp;<\/p>\n<p><a href=\"http:\/\/www.valledearce.com\/wp-content\/uploads\/2013\/11\/1690-Naf-GCantelli-mapa.jpg\"><img decoding=\"async\" loading=\"lazy\" class=\"size-full wp-image-2308 \" src=\"http:\/\/www.valledearce.com\/wp-content\/uploads\/2013\/11\/1690-Naf-GCantelli-mapa.jpg\" alt=\"1690 Naf GCantelli mapa\" width=\"600\" height=\"542\" srcset=\"https:\/\/www.valledearce.com\/wp-content\/uploads\/2013\/11\/1690-Naf-GCantelli-mapa.jpg 600w, https:\/\/www.valledearce.com\/wp-content\/uploads\/2013\/11\/1690-Naf-GCantelli-mapa-300x271.jpg 300w\" sizes=\"(max-width: 600px) 100vw, 600px\" \/><\/a><\/p>\n<p>1690. urtea. Nafarroako mapa baten xehetasuna, G. Cantellik egina.<br \/>\nUrrobi ibaiaren inguruari &#8220;Orreagako ibarra&#8221; eta Irati ibaiaren inguruari Aezkoa deitzen dieten lehenengoetako mapa.<\/p>\n<div id=\"attachment_2345\" class=\"wp-caption aligncenter\" style=\"max-width:100% !important;height:auto;width:auto;\"><img decoding=\"async\" loading=\"lazy\" class=\"size-full wp-image-2345 \" src=\"http:\/\/www.valledearce.com\/wp-content\/uploads\/2013\/11\/1691-H.Jaillot-naf-mapa.jpg\" alt=\"1691 H.Jaillot naf mapa\" width=\"600\" height=\"348\" srcset=\"https:\/\/www.valledearce.com\/wp-content\/uploads\/2013\/11\/1691-H.Jaillot-naf-mapa.jpg 600w, https:\/\/www.valledearce.com\/wp-content\/uploads\/2013\/11\/1691-H.Jaillot-naf-mapa-300x174.jpg 300w\" sizes=\"(max-width: 600px) 100vw, 600px\" \/><p class=\"wp-caption-text\">1691. urtea. Nafarroako mapa baten xehetasuna. Aurrekoaren antzera,\u00a0<em> &#8220;Roncesvalles eta Ahescoa&#8221; <\/em>ibarrak nabarmentzen ditu. Garaiko bide nagusiak ere aipatzen dira.<\/p><\/div>\n<div id=\"attachment_2311\" class=\"wp-caption aligncenter\" style=\"max-width:100% !important;height:auto;width:auto;\"><a href=\"http:\/\/www.valledearce.com\/wp-content\/uploads\/2013\/11\/1695-Naf-usurp\u00e9.jpg\"><img decoding=\"async\" loading=\"lazy\" class=\"size-full wp-image-2311 \" src=\"http:\/\/www.valledearce.com\/wp-content\/uploads\/2013\/11\/1695-Naf-usurp\u00e9.jpg\" alt=\"1695 Naf usurp\u00e9\" width=\"600\" height=\"342\" srcset=\"https:\/\/www.valledearce.com\/wp-content\/uploads\/2013\/11\/1695-Naf-usurp\u00e9.jpg 600w, https:\/\/www.valledearce.com\/wp-content\/uploads\/2013\/11\/1695-Naf-usurp\u00e9-300x171.jpg 300w\" sizes=\"(max-width: 600px) 100vw, 600px\" \/><\/a><p class=\"wp-caption-text\">1695. urtea. Aurreko bi mapen antzekoa,\u00a0 <em>&#8220;memoria historikoa&#8221; <\/em>nabarmentzen da<em>, <\/em>espainolek Nafarroa ebatsi zutela aipatuz.<\/p><\/div>\n<div id=\"attachment_2312\" class=\"wp-caption aligncenter\" style=\"max-width:100% !important;height:auto;width:auto;\"><a href=\"http:\/\/www.valledearce.com\/wp-content\/uploads\/2013\/11\/1700-50-JBNolin-4-prob-mapa.jpg\"><img decoding=\"async\" loading=\"lazy\" class=\"size-full wp-image-2312 \" src=\"http:\/\/www.valledearce.com\/wp-content\/uploads\/2013\/11\/1700-50-JBNolin-4-prob-mapa.jpg\" alt=\"1700-50 JBNolin 4 prob mapa\" width=\"600\" height=\"599\" srcset=\"https:\/\/www.valledearce.com\/wp-content\/uploads\/2013\/11\/1700-50-JBNolin-4-prob-mapa.jpg 600w, https:\/\/www.valledearce.com\/wp-content\/uploads\/2013\/11\/1700-50-JBNolin-4-prob-mapa-150x150.jpg 150w, https:\/\/www.valledearce.com\/wp-content\/uploads\/2013\/11\/1700-50-JBNolin-4-prob-mapa-300x300.jpg 300w\" sizes=\"(max-width: 600px) 100vw, 600px\" \/><\/a><p class=\"wp-caption-text\">1700-50.\u00a0 urtea. Mapa osatzeko herrietako izenak zoriz jartzen zituztela nabaria da, lehenagoko mapetan agertzen ez ziren izenak ikus daitezkeelako. Horren adibideak: &#8220;El Borheto&#8221; Auritz-Burguete, &#8220;Lazareto&#8221;, Lusarreta, Ymiscoz, Equi\u00e7a u Osso, Otsa.<\/p><\/div>\n<div id=\"attachment_2313\" class=\"wp-caption aligncenter\" style=\"max-width:100% !important;height:auto;width:auto;\"><a href=\"http:\/\/www.valledearce.com\/wp-content\/uploads\/2013\/11\/1703-Sdabbeville-Naf-mapa.jpg\"><img decoding=\"async\" loading=\"lazy\" class=\"size-full wp-image-2313 \" src=\"http:\/\/www.valledearce.com\/wp-content\/uploads\/2013\/11\/1703-Sdabbeville-Naf-mapa.jpg\" alt=\"1703 Sd'abbeville Naf mapa\" width=\"600\" height=\"716\" srcset=\"https:\/\/www.valledearce.com\/wp-content\/uploads\/2013\/11\/1703-Sdabbeville-Naf-mapa.jpg 600w, https:\/\/www.valledearce.com\/wp-content\/uploads\/2013\/11\/1703-Sdabbeville-Naf-mapa-251x300.jpg 251w\" sizes=\"(max-width: 600px) 100vw, 600px\" \/><\/a><p class=\"wp-caption-text\">1703. urtea. Nafarroako maparen xehetasuna, S. d&#8217;Abevillek egina. Mapa zenbat eta handiago izan, xehetasun gehiago ditu eta herri gehiago agertzen dira, honetan <em>&#8220;Villanueva, Gurpegui, Arze, Muniain, Arrosqui (Artozki), edo Arizcuren&#8221;.<\/em><\/p><\/div>\n<div id=\"attachment_2314\" class=\"wp-caption aligncenter\" style=\"max-width:100% !important;height:auto;width:auto;\"><a href=\"http:\/\/www.valledearce.com\/wp-content\/uploads\/2013\/11\/1724-Naf-JdeHorta-mapa-detallea.jpg\"><img decoding=\"async\" loading=\"lazy\" class=\"size-full wp-image-2314 \" src=\"http:\/\/www.valledearce.com\/wp-content\/uploads\/2013\/11\/1724-Naf-JdeHorta-mapa-detallea.jpg\" alt=\"1724 Naf JdeHorta mapa detallea\" width=\"600\" height=\"670\" srcset=\"https:\/\/www.valledearce.com\/wp-content\/uploads\/2013\/11\/1724-Naf-JdeHorta-mapa-detallea.jpg 600w, https:\/\/www.valledearce.com\/wp-content\/uploads\/2013\/11\/1724-Naf-JdeHorta-mapa-detallea-268x300.jpg 268w\" sizes=\"(max-width: 600px) 100vw, 600px\" \/><\/a><p class=\"wp-caption-text\">1724. urtea. Nafarroako maparen xehetasuna, J. de Hortak egina. Mapa eskematikoa, ibaiak nabarmentzen dira eta herri askoren izenak agertzen dira, horien artean Artzibarko anitz. Beharbada ibarraren izena,\u00a0 &#8220;Arce&#8221;, agertzen den lehenengo aldia da.<\/p><\/div>\n<div id=\"attachment_2316\" class=\"wp-caption aligncenter\" style=\"max-width:100% !important;height:auto;width:auto;\"><a href=\"http:\/\/www.valledearce.com\/wp-content\/uploads\/2013\/11\/1787-Bortu-mugak-artzibar-mapa.jpg\"><img decoding=\"async\" loading=\"lazy\" class=\" wp-image-2316 \" src=\"http:\/\/www.valledearce.com\/wp-content\/uploads\/2013\/11\/1787-Bortu-mugak-artzibar-mapa.jpg\" alt=\"1787 Bortu mugak artzibar mapa\" width=\"720\" height=\"413\" srcset=\"https:\/\/www.valledearce.com\/wp-content\/uploads\/2013\/11\/1787-Bortu-mugak-artzibar-mapa.jpg 800w, https:\/\/www.valledearce.com\/wp-content\/uploads\/2013\/11\/1787-Bortu-mugak-artzibar-mapa-300x172.jpg 300w\" sizes=\"(max-width: 720px) 100vw, 720px\" \/><\/a><p class=\"wp-caption-text\">1787. urtea. Mapa hau argitaratu gabe dago eta helburuak bestelakoak zirela dirudi, militarrak, bide nagusiak deskribatzen baititu. Hartara, norbait eskualdean barrena ibiliko zen, landa lana eginez. (www.gallica.fr-tik hartua)<\/p><\/div>\n<div id=\"attachment_2317\" class=\"wp-caption aligncenter\" style=\"max-width:100% !important;height:auto;width:auto;\"><a href=\"http:\/\/www.valledearce.com\/wp-content\/uploads\/2013\/11\/1793-Bortuak-mapa.jpg\"><img decoding=\"async\" loading=\"lazy\" class=\" wp-image-2317 \" src=\"http:\/\/www.valledearce.com\/wp-content\/uploads\/2013\/11\/1793-Bortuak-mapa.jpg\" alt=\"1793 Bortuak mapa\" width=\"540\" height=\"772\" srcset=\"https:\/\/www.valledearce.com\/wp-content\/uploads\/2013\/11\/1793-Bortuak-mapa.jpg 600w, https:\/\/www.valledearce.com\/wp-content\/uploads\/2013\/11\/1793-Bortuak-mapa-209x300.jpg 209w\" sizes=\"(max-width: 540px) 100vw, 540px\" \/><\/a><p class=\"wp-caption-text\">1793.\u00a0 urtea. Plano honetan bideetako eta ibaietako zehaztasun gehiago ematen dira, gehienbat helburu militarrak kontuan hartuz. Gerra hurbil zegoen eta muga gero eta zehaztasun gehiagoz\u00a0 ezagutzea beharrezkoa zen. Frantsesak eta britainiarrak jakintsuenak ziren kartografiaren\u00a0 alorrean.<\/p><\/div>\n<div id=\"attachment_2318\" class=\"wp-caption aligncenter\" style=\"max-width:100% !important;height:auto;width:auto;\"><a href=\"http:\/\/www.valledearce.com\/wp-content\/uploads\/2013\/11\/1818-Naf-mapa-02-detallea.jpg\"><img decoding=\"async\" loading=\"lazy\" class=\"size-full wp-image-2318 \" src=\"http:\/\/www.valledearce.com\/wp-content\/uploads\/2013\/11\/1818-Naf-mapa-02-detallea.jpg\" alt=\"1818 Naf mapa 02 detallea\" width=\"600\" height=\"533\" srcset=\"https:\/\/www.valledearce.com\/wp-content\/uploads\/2013\/11\/1818-Naf-mapa-02-detallea.jpg 600w, https:\/\/www.valledearce.com\/wp-content\/uploads\/2013\/11\/1818-Naf-mapa-02-detallea-300x266.jpg 300w\" sizes=\"(max-width: 600px) 100vw, 600px\" \/><\/a><p class=\"wp-caption-text\">1818. urtea. Mapa eta planoak gero eta zehatzagoak baziren ere, oraindik klasikoagoak eta zehaztasun guxiago dutenak ere erabiltzen dira. Ibarraren izena gero eta maizago erabiltzen da.<\/p><\/div>\n<div id=\"attachment_2320\" class=\"wp-caption aligncenter\" style=\"max-width:100% !important;height:auto;width:auto;\"><a href=\"http:\/\/www.valledearce.com\/wp-content\/uploads\/2013\/11\/1835-naf-mapa-Alexandre.jpg\"><img decoding=\"async\" loading=\"lazy\" class=\"size-full wp-image-2320 \" src=\"http:\/\/www.valledearce.com\/wp-content\/uploads\/2013\/11\/1835-naf-mapa-Alexandre.jpg\" alt=\"1835 naf mapa Alexandre\" width=\"600\" height=\"369\" srcset=\"https:\/\/www.valledearce.com\/wp-content\/uploads\/2013\/11\/1835-naf-mapa-Alexandre.jpg 600w, https:\/\/www.valledearce.com\/wp-content\/uploads\/2013\/11\/1835-naf-mapa-Alexandre-300x184.jpg 300w\" sizes=\"(max-width: 600px) 100vw, 600px\" \/><\/a><p class=\"wp-caption-text\">1835. urtea. Mendebaldeko Pirinioko mapa orokor baten xehetasuna. Bide nagusiak agertzen dira, eta, deigarria da bide bikoitza agertzen dela Esteribar eta Aurizberri artean.<\/p><\/div>\n<div id=\"attachment_2321\" class=\"wp-caption aligncenter\" style=\"max-width:100% !important;height:auto;width:auto;\"><a href=\"http:\/\/www.valledearce.com\/wp-content\/uploads\/2013\/11\/1849-52-Naf-batxillerra.jpg\"><img decoding=\"async\" loading=\"lazy\" class=\" wp-image-2321 \" src=\"http:\/\/www.valledearce.com\/wp-content\/uploads\/2013\/11\/1849-52-Naf-batxillerra.jpg\" alt=\"1849-52 Naf batxillerra\" width=\"720\" height=\"524\" srcset=\"https:\/\/www.valledearce.com\/wp-content\/uploads\/2013\/11\/1849-52-Naf-batxillerra.jpg 800w, https:\/\/www.valledearce.com\/wp-content\/uploads\/2013\/11\/1849-52-Naf-batxillerra-300x218.jpg 300w\" sizes=\"(max-width: 720px) 100vw, 720px\" \/><\/a><p class=\"wp-caption-text\">1849-52. urtea. Hezkuntzako liburuetan mapak agertzen hasten dira. Batxillergoko liburu batean Nafarroako mapa hau agertzen da.<\/p><\/div>\n<div id=\"attachment_2322\" class=\"wp-caption aligncenter\" style=\"max-width:100% !important;height:auto;width:auto;\"><a href=\"http:\/\/www.valledearce.com\/wp-content\/uploads\/2013\/11\/1861-Madoz-mapa.jpg\"><img decoding=\"async\" loading=\"lazy\" class=\"size-full wp-image-2322 \" src=\"http:\/\/www.valledearce.com\/wp-content\/uploads\/2013\/11\/1861-Madoz-mapa.jpg\" alt=\"1861 Madoz mapa\" width=\"600\" height=\"593\" srcset=\"https:\/\/www.valledearce.com\/wp-content\/uploads\/2013\/11\/1861-Madoz-mapa.jpg 600w, https:\/\/www.valledearce.com\/wp-content\/uploads\/2013\/11\/1861-Madoz-mapa-300x296.jpg 300w\" sizes=\"(max-width: 600px) 100vw, 600px\" \/><\/a><p class=\"wp-caption-text\">1861. urtea.\u00a0 Coello-Madozen maparen xehetasuna. Beharbada, Nafarroako mapa modernoen lehenengoa da, xehetasun asko agertzen baitira.\u00a0 Agoitz-Nagore-Auritz errepide gisa agertzen da eta\u00a0 Zubiri-Erro-Auritz bide gisa.<\/p><\/div>\n<div id=\"attachment_2323\" class=\"wp-caption aligncenter\" style=\"max-width:100% !important;height:auto;width:auto;\"><a href=\"http:\/\/www.valledearce.com\/wp-content\/uploads\/2013\/11\/1863-artzibar-postak-mapa-w.jpg\"><img decoding=\"async\" loading=\"lazy\" class=\"size-full wp-image-2323 \" src=\"http:\/\/www.valledearce.com\/wp-content\/uploads\/2013\/11\/1863-artzibar-postak-mapa-w.jpg\" alt=\"1863 artzibar postak mapa w\" width=\"600\" height=\"416\" srcset=\"https:\/\/www.valledearce.com\/wp-content\/uploads\/2013\/11\/1863-artzibar-postak-mapa-w.jpg 600w, https:\/\/www.valledearce.com\/wp-content\/uploads\/2013\/11\/1863-artzibar-postak-mapa-w-300x208.jpg 300w\" sizes=\"(max-width: 600px) 100vw, 600px\" \/><\/a><p class=\"wp-caption-text\">1863. urtea. Nafarroako postaren maparen xehetasuna. Mapak, helburu militarrez gain, hezkuntzarako edo zerbitzuen antolaketarako, posta kasu, erabiltzen hasi ziren.<\/p><\/div>\n<div id=\"attachment_1920\" class=\"wp-caption aligncenter\" style=\"max-width:100% !important;height:auto;width:auto;\"><a href=\"http:\/\/www.valledearce.com\/wp-content\/uploads\/2013\/10\/1863-artzibar-euskara-mapa.jpg\"><img decoding=\"async\" loading=\"lazy\" class=\"size-full wp-image-1920 \" src=\"http:\/\/www.valledearce.com\/wp-content\/uploads\/2013\/10\/1863-artzibar-euskara-mapa.jpg\" alt=\"1863 artzibar euskara mapa\" width=\"700\" height=\"512\" srcset=\"https:\/\/www.valledearce.com\/wp-content\/uploads\/2013\/10\/1863-artzibar-euskara-mapa.jpg 700w, https:\/\/www.valledearce.com\/wp-content\/uploads\/2013\/10\/1863-artzibar-euskara-mapa-300x219.jpg 300w\" sizes=\"(max-width: 700px) 100vw, 700px\" \/><\/a><p class=\"wp-caption-text\">1863. urtea. Bonaparteren euskalkien mapa. (Artzibar eta Orozko mugen marra guk egina da). Euskalkien lehenengo mapa; euskalkiak koloreen arabera sailkatuak, Aezkoako euskalkia Nafarroa Beherekoarekin batera sailkatzen da.\u00a0 I\u00f1aki Camino ikertzaileak frogatu zuen duela 20 urte aezkera Artzibarko euskalkiaren berdina zela. Bonapartek euskara erabiltzen zen eremuaren hegoaldeko muga Artzibartik hegoalderago jarri zuen.<\/p><\/div>\n<div id=\"attachment_2324\" class=\"wp-caption aligncenter\" style=\"max-width:100% !important;height:auto;width:auto;\"><a href=\"http:\/\/www.valledearce.com\/wp-content\/uploads\/2013\/11\/1876-artzibar-katastro-mapa.jpg\"><img decoding=\"async\" loading=\"lazy\" class=\"size-full wp-image-2324 \" src=\"http:\/\/www.valledearce.com\/wp-content\/uploads\/2013\/11\/1876-artzibar-katastro-mapa.jpg\" alt=\"1876 artzibar katastro mapa\" width=\"600\" height=\"527\" srcset=\"https:\/\/www.valledearce.com\/wp-content\/uploads\/2013\/11\/1876-artzibar-katastro-mapa.jpg 600w, https:\/\/www.valledearce.com\/wp-content\/uploads\/2013\/11\/1876-artzibar-katastro-mapa-300x263.jpg 300w\" sizes=\"(max-width: 600px) 100vw, 600px\" \/><\/a><p class=\"wp-caption-text\">1876. urtea. Katastroa egiteko ere mapak erabili zituzten. Planoak herriz herri egin ziren, lurren erabilera zehaztuz. Hemengoa ibarreko mapa orokorra da, zehaztasun handiz egin zen lehenengoa. ( www.cfnavarra.es-tik hartua)<\/p><\/div>\n<div id=\"attachment_2325\" class=\"wp-caption aligncenter\" style=\"max-width:100% !important;height:auto;width:auto;\"><a href=\"http:\/\/www.valledearce.com\/wp-content\/uploads\/2013\/11\/1876-naf-errepideak-mapa.jpg\"><img decoding=\"async\" loading=\"lazy\" class=\"size-full wp-image-2325 \" src=\"http:\/\/www.valledearce.com\/wp-content\/uploads\/2013\/11\/1876-naf-errepideak-mapa.jpg\" alt=\"1876 naf errepideak mapa\" width=\"600\" height=\"406\" srcset=\"https:\/\/www.valledearce.com\/wp-content\/uploads\/2013\/11\/1876-naf-errepideak-mapa.jpg 600w, https:\/\/www.valledearce.com\/wp-content\/uploads\/2013\/11\/1876-naf-errepideak-mapa-300x203.jpg 300w\" sizes=\"(max-width: 600px) 100vw, 600px\" \/><\/a><p class=\"wp-caption-text\">1876. urtea. Errepide eta bideetako mapa orokor baten xehetasuna, kilometroak aipatuz. Lusarreta-Esnotz eta Nagore-Ardaitz bideak agertzen dira, bai eta\u00a0 Agoitz-Gorritz-Arizkurendik Aezkoara doan abelbidea ere.<\/p><\/div>\n<div id=\"attachment_2326\" class=\"wp-caption aligncenter\" style=\"max-width:100% !important;height:auto;width:auto;\"><a href=\"http:\/\/www.valledearce.com\/wp-content\/uploads\/2013\/11\/1886-ibarlucea-mendialdea-artzibar-mapa.jpg\"><img decoding=\"async\" loading=\"lazy\" class=\"size-full wp-image-2326 \" src=\"http:\/\/www.valledearce.com\/wp-content\/uploads\/2013\/11\/1886-ibarlucea-mendialdea-artzibar-mapa.jpg\" alt=\"1886 ibarlucea mendialdea artzibar mapa\" width=\"466\" height=\"600\" srcset=\"https:\/\/www.valledearce.com\/wp-content\/uploads\/2013\/11\/1886-ibarlucea-mendialdea-artzibar-mapa.jpg 466w, https:\/\/www.valledearce.com\/wp-content\/uploads\/2013\/11\/1886-ibarlucea-mendialdea-artzibar-mapa-233x300.jpg 233w\" sizes=\"(max-width: 466px) 100vw, 466px\" \/><\/a><p class=\"wp-caption-text\">1886. urtea,\u00a0 Ibarlucearen mapa honetan bide nagusiak koloreztatu ditugu. Agoitz-Nagore-Aurizkoa nabarmenduta agertzen da, eta\u00a0 Zubiri-Auritz-Luzaidekoan Zubiri-Aurizberri zatia puntuz nabarmendu da, oraindik egiten ari zelako eta ez zegoelako argi hortik egin behar zuten edo Esnotz-Lusarretatik (gorriz nabarmendua).<\/p><\/div>\n<div id=\"attachment_2329\" class=\"wp-caption aligncenter\" style=\"max-width:100% !important;height:auto;width:auto;\"><a href=\"http:\/\/www.valledearce.com\/wp-content\/uploads\/2013\/11\/1888-pyr-bideak-Rollet-02.jpg\"><img decoding=\"async\" loading=\"lazy\" class=\"size-full wp-image-2329 \" src=\"http:\/\/www.valledearce.com\/wp-content\/uploads\/2013\/11\/1888-pyr-bideak-Rollet-02.jpg\" alt=\"1888 pyr bideak Rollet 02\" width=\"600\" height=\"522\" srcset=\"https:\/\/www.valledearce.com\/wp-content\/uploads\/2013\/11\/1888-pyr-bideak-Rollet-02.jpg 600w, https:\/\/www.valledearce.com\/wp-content\/uploads\/2013\/11\/1888-pyr-bideak-Rollet-02-300x261.jpg 300w\" sizes=\"(max-width: 600px) 100vw, 600px\" \/><\/a><p class=\"wp-caption-text\">1888. urtea. Rolleten mapa honetan mendilerroak berdez seinalatu dira eta bideak gorriz; argi ikus daiteke bide nagusia Erro-Esnotz-Lusarretakoa dela,\u00a0 Erro-Aurizberrikoaren aldean, azken hau bigarren mailan ageri da.<\/p><\/div>\n<div id=\"attachment_2330\" class=\"wp-caption aligncenter\" style=\"max-width:100% !important;height:auto;width:auto;\"><a href=\"http:\/\/www.valledearce.com\/wp-content\/uploads\/2013\/11\/1891-Pyr-geologia-Scharder-mapa.jpg\"><img decoding=\"async\" loading=\"lazy\" class=\"size-full wp-image-2330 \" src=\"http:\/\/www.valledearce.com\/wp-content\/uploads\/2013\/11\/1891-Pyr-geologia-Scharder-mapa.jpg\" alt=\"1891 Pyr geologia Scharder mapa\" width=\"600\" height=\"342\" srcset=\"https:\/\/www.valledearce.com\/wp-content\/uploads\/2013\/11\/1891-Pyr-geologia-Scharder-mapa.jpg 600w, https:\/\/www.valledearce.com\/wp-content\/uploads\/2013\/11\/1891-Pyr-geologia-Scharder-mapa-300x171.jpg 300w\" sizes=\"(max-width: 600px) 100vw, 600px\" \/><\/a><p class=\"wp-caption-text\">1891. urtea. Mapetan kolorea erabiltzen hasten dira landaretza, geologia, eta gainerako ezaugarriak desberdintzeko. Hau Pirinioko mapa geologikoa\u00a0 da,\u00a0\u00a0 <em>&#8220;Orozko domoa&#8221;<\/em> eta ibarra bi egitura geologikotan banatua antzematen dira.<\/p><\/div>\n<div id=\"attachment_2331\" class=\"wp-caption aligncenter\" style=\"max-width:100% !important;height:auto;width:auto;\"><a href=\"http:\/\/www.valledearce.com\/wp-content\/uploads\/2013\/11\/1893-Pyr-Scharder-mapa-fisikoa.jpg\"><img decoding=\"async\" loading=\"lazy\" class=\"size-full wp-image-2331 \" src=\"http:\/\/www.valledearce.com\/wp-content\/uploads\/2013\/11\/1893-Pyr-Scharder-mapa-fisikoa.jpg\" alt=\"1893 Pyr Scharder mapa fisikoa\" width=\"600\" height=\"336\" srcset=\"https:\/\/www.valledearce.com\/wp-content\/uploads\/2013\/11\/1893-Pyr-Scharder-mapa-fisikoa.jpg 600w, https:\/\/www.valledearce.com\/wp-content\/uploads\/2013\/11\/1893-Pyr-Scharder-mapa-fisikoa-300x168.jpg 300w\" sizes=\"(max-width: 600px) 100vw, 600px\" \/><\/a><p class=\"wp-caption-text\">1893.\u00a0 urtea. Mapa honetan mendietako altuerak agertzen dira eta ibarraren egitura ongi antzematen da, Urrobi eta Irati ibaiei jarraituta.<\/p><\/div>\n<div id=\"attachment_2332\" class=\"wp-caption aligncenter\" style=\"max-width:100% !important;height:auto;width:auto;\"><a href=\"http:\/\/www.valledearce.com\/wp-content\/uploads\/2013\/11\/1910-Naf-mapa-Artzibar.jpg\"><img decoding=\"async\" loading=\"lazy\" class=\"size-full wp-image-2332 \" src=\"http:\/\/www.valledearce.com\/wp-content\/uploads\/2013\/11\/1910-Naf-mapa-Artzibar.jpg\" alt=\"1910 Naf mapa Artzibar\" width=\"571\" height=\"600\" srcset=\"https:\/\/www.valledearce.com\/wp-content\/uploads\/2013\/11\/1910-Naf-mapa-Artzibar.jpg 571w, https:\/\/www.valledearce.com\/wp-content\/uploads\/2013\/11\/1910-Naf-mapa-Artzibar-285x300.jpg 285w\" sizes=\"(max-width: 571px) 100vw, 571px\" \/><\/a><p class=\"wp-caption-text\">1910. urtea. Urte hauetako mapetan eskualdeko errepideak agertzen dira, Aezkoako errepidea Garaioaraino iristen zen, eta Orbaizetakoa ezin zen erabili defentsa arraoiengatik, inbasioak sahiesteko. Artzibarko errepidea Urrobi ibaiaren ondotik doa, eta Lusarretako biak ikus daitezke, zaharra eta berria.\u00a0 Garraldako errepidea Orotzeraino iristen da, baina 1910.eko hamarkada arte ez zen Itoitzeraino ailegatu.<\/p><\/div>\n<div id=\"attachment_2333\" class=\"wp-caption aligncenter\" style=\"max-width:100% !important;height:auto;width:auto;\"><a href=\"http:\/\/www.valledearce.com\/wp-content\/uploads\/2013\/11\/1924-altxubideak-artzibar-01.jpg\"><img decoding=\"async\" loading=\"lazy\" class=\"size-full wp-image-2333 \" src=\"http:\/\/www.valledearce.com\/wp-content\/uploads\/2013\/11\/1924-altxubideak-artzibar-01.jpg\" alt=\"1924 altxubideak artzibar 01\" width=\"542\" height=\"600\" srcset=\"https:\/\/www.valledearce.com\/wp-content\/uploads\/2013\/11\/1924-altxubideak-artzibar-01.jpg 542w, https:\/\/www.valledearce.com\/wp-content\/uploads\/2013\/11\/1924-altxubideak-artzibar-01-271x300.jpg 271w\" sizes=\"(max-width: 542px) 100vw, 542px\" \/><\/a><p class=\"wp-caption-text\">1924. urtea. Abelbideen planoa. Urrobi ibaiaren ondoko\u00a0 errepidea ikus daiteke, kilometroak adierazita, Aezkoako abelbidea Arizkuren ondotik pasatzen da, eta hura zeharkatzen duen beste bidea, P-45 deitua, Azparrendik\u00a0 Orotz-Muniain-Nagore-Olorizgoit-Zazpe aldera pasatuz, eta handik Lizoainibartik barna sartuz.<\/p><\/div>\n<div id=\"attachment_2334\" class=\"wp-caption aligncenter\" style=\"max-width:100% !important;height:auto;width:auto;\"><a href=\"http:\/\/www.valledearce.com\/wp-content\/uploads\/2013\/11\/1926-mapa-artzibar-w.jpg\"><img decoding=\"async\" loading=\"lazy\" class=\"size-full wp-image-2334 \" src=\"http:\/\/www.valledearce.com\/wp-content\/uploads\/2013\/11\/1926-mapa-artzibar-w.jpg\" alt=\"Mapa de Navarra [Material cartogr\u00e1fico]\" width=\"600\" height=\"678\" srcset=\"https:\/\/www.valledearce.com\/wp-content\/uploads\/2013\/11\/1926-mapa-artzibar-w.jpg 600w, https:\/\/www.valledearce.com\/wp-content\/uploads\/2013\/11\/1926-mapa-artzibar-w-265x300.jpg 265w\" sizes=\"(max-width: 600px) 100vw, 600px\" \/><\/a><p class=\"wp-caption-text\">1920ko hamarkada. Azkenean Orotz Betelutik Itoitzera daon errepidea egin da!. Aezkoan, Errepublika baino lehen, errepidea Abaurregainaraino iristen zen eta Orbaizetakoa 30ko hamarkadan egin zuten.<\/p><\/div>\n<div id=\"attachment_2335\" class=\"wp-caption aligncenter\" style=\"max-width:100% !important;height:auto;width:auto;\"><a href=\"http:\/\/www.valledearce.com\/wp-content\/uploads\/2013\/11\/1933-Irigaray-euskara-mapa.jpg\"><img decoding=\"async\" loading=\"lazy\" class=\"size-full wp-image-2335 \" src=\"http:\/\/www.valledearce.com\/wp-content\/uploads\/2013\/11\/1933-Irigaray-euskara-mapa.jpg\" alt=\"1933 Irigaray euskara mapa\" width=\"600\" height=\"719\" srcset=\"https:\/\/www.valledearce.com\/wp-content\/uploads\/2013\/11\/1933-Irigaray-euskara-mapa.jpg 600w, https:\/\/www.valledearce.com\/wp-content\/uploads\/2013\/11\/1933-Irigaray-euskara-mapa-250x300.jpg 250w\" sizes=\"(max-width: 600px) 100vw, 600px\" \/><\/a><p class=\"wp-caption-text\">1933. urtea. Nafarroako euskararen maparen xehetasuna (Aingeru Irigaray). Lerroek euskararen erabilera noraino iristen zen adierazten dute. Azpikoa XVIII. mendekoa da, bigarrena Bonaparteren ikerketan oinarritutakoa da (1863) eta goikoa Irigarayek 1933an egindako ikerketan oinarritu da, horren arabera Artzibarko iparraldea euskalduna da.<\/p><\/div>\n<div id=\"attachment_2336\" class=\"wp-caption aligncenter\" style=\"max-width:100% !important;height:auto;width:auto;\"><a href=\"http:\/\/www.valledearce.com\/wp-content\/uploads\/2013\/11\/1953-Artzibar-mapa-w.jpg\"><img decoding=\"async\" loading=\"lazy\" class=\" wp-image-2336 \" src=\"http:\/\/www.valledearce.com\/wp-content\/uploads\/2013\/11\/1953-Artzibar-mapa-w.jpg\" alt=\"1953 Artzibar mapa w\" width=\"705\" height=\"648\" srcset=\"https:\/\/www.valledearce.com\/wp-content\/uploads\/2013\/11\/1953-Artzibar-mapa-w.jpg 870w, https:\/\/www.valledearce.com\/wp-content\/uploads\/2013\/11\/1953-Artzibar-mapa-w-300x275.jpg 300w\" sizes=\"(max-width: 705px) 100vw, 705px\" \/><\/a><p class=\"wp-caption-text\">1953. urtea. Mapa militarrak saltzen hasi ziren eta hoberenak zirela esan ohi zen.\u00a0 Toponimiari dagokionez akatsak izaten zituzten baina sestra-kurbei eta bideei dagokienez oso onak ziren. Honetan Artzibarko iparraldea agertzen da. Aurrerantzean badakigu ibarrak bi mapa ofizial zituela, 116. orriak ibarraren gehiengoa hartzen zuen eta 142.ak ibarreko hegoaldea.<\/p><\/div>\n<div id=\"attachment_2337\" class=\"wp-caption aligncenter\" style=\"max-width:100% !important;height:auto;width:auto;\"><a href=\"http:\/\/www.valledearce.com\/wp-content\/uploads\/2013\/11\/1953-Artzibar-w-mapa-detallea.jpg\"><img decoding=\"async\" loading=\"lazy\" class=\"size-full wp-image-2337 \" src=\"http:\/\/www.valledearce.com\/wp-content\/uploads\/2013\/11\/1953-Artzibar-w-mapa-detallea.jpg\" alt=\"1953 Artzibar w mapa detallea\" width=\"626\" height=\"600\" srcset=\"https:\/\/www.valledearce.com\/wp-content\/uploads\/2013\/11\/1953-Artzibar-w-mapa-detallea.jpg 626w, https:\/\/www.valledearce.com\/wp-content\/uploads\/2013\/11\/1953-Artzibar-w-mapa-detallea-300x287.jpg 300w\" sizes=\"(max-width: 626px) 100vw, 626px\" \/><\/a><p class=\"wp-caption-text\">1953. urtea. Xehetasuna. Mapa hauek bideak, kilometroak, desnibelak, herriak, lerro elektrikoak&#8230; zehazten zituzten. Duela gutxi arte mendizaleek asko erabili izan dituzte. Oraindik ere bide zaharrak berreskuratzeko balio dute.<\/p><\/div>\n<p><div id=\"attachment_2338\" class=\"wp-caption aligncenter\" style=\"max-width:100% !important;height:auto;width:auto;\"><a href=\"http:\/\/www.valledearce.com\/wp-content\/uploads\/2013\/11\/1962-Naf-mapa-artzibar.jpg\"><img decoding=\"async\" loading=\"lazy\" class=\"size-full wp-image-2338 \" src=\"http:\/\/www.valledearce.com\/wp-content\/uploads\/2013\/11\/1962-Naf-mapa-artzibar.jpg\" alt=\"1962 Naf mapa artzibar\" width=\"579\" height=\"600\" srcset=\"https:\/\/www.valledearce.com\/wp-content\/uploads\/2013\/11\/1962-Naf-mapa-artzibar.jpg 579w, https:\/\/www.valledearce.com\/wp-content\/uploads\/2013\/11\/1962-Naf-mapa-artzibar-289x300.jpg 289w\" sizes=\"(max-width: 579px) 100vw, 579px\" \/><\/a><p class=\"wp-caption-text\">1962. urtea. Errepideetako mapa. Artzibarren bideak zolatu badira ere oraindik ez da errepide berririk egin. Urrobikoa\u00a0 C-127 errepidea zen. Oraindik Lusarretako errepide zaharra agertzen da.<\/p><\/div><\/p>","protected":false},"excerpt":{"rendered":"<p class=\"qtranxs-available-languages-message qtranxs-available-languages-message-eu\">(Ejemplo: Lo sentimos, esta entrada se encuentra disponible \u00fanicamente en %LANG:<\/p>\n","protected":false},"author":3,"featured_media":2330,"comment_status":"closed","ping_status":"open","sticky":false,"template":"","format":"standard","meta":{"_mi_skip_tracking":false,"_monsterinsights_sitenote_active":false,"_monsterinsights_sitenote_note":"","_monsterinsights_sitenote_category":0},"categories":[17,7,13],"tags":[],"amp_enabled":true,"_links":{"self":[{"href":"https:\/\/www.valledearce.com\/eu\/wp-json\/wp\/v2\/posts\/2300"}],"collection":[{"href":"https:\/\/www.valledearce.com\/eu\/wp-json\/wp\/v2\/posts"}],"about":[{"href":"https:\/\/www.valledearce.com\/eu\/wp-json\/wp\/v2\/types\/post"}],"author":[{"embeddable":true,"href":"https:\/\/www.valledearce.com\/eu\/wp-json\/wp\/v2\/users\/3"}],"replies":[{"embeddable":true,"href":"https:\/\/www.valledearce.com\/eu\/wp-json\/wp\/v2\/comments?post=2300"}],"version-history":[{"count":0,"href":"https:\/\/www.valledearce.com\/eu\/wp-json\/wp\/v2\/posts\/2300\/revisions"}],"wp:featuredmedia":[{"embeddable":true,"href":"https:\/\/www.valledearce.com\/eu\/wp-json\/wp\/v2\/media\/2330"}],"wp:attachment":[{"href":"https:\/\/www.valledearce.com\/eu\/wp-json\/wp\/v2\/media?parent=2300"}],"wp:term":[{"taxonomy":"category","embeddable":true,"href":"https:\/\/www.valledearce.com\/eu\/wp-json\/wp\/v2\/categories?post=2300"},{"taxonomy":"post_tag","embeddable":true,"href":"https:\/\/www.valledearce.com\/eu\/wp-json\/wp\/v2\/tags?post=2300"}],"curies":[{"name":"wp","href":"https:\/\/api.w.org\/{rel}","templated":true}]}}