{"id":10941,"date":"2025-09-02T15:15:39","date_gmt":"2025-09-02T13:15:39","guid":{"rendered":"https:\/\/www.valledearce.com\/?p=10941"},"modified":"2026-03-04T18:08:18","modified_gmt":"2026-03-04T17:08:18","slug":"informacion-publica-de-la-estrategia-y-modelo-de-ocupacion-del-territorio","status":"publish","type":"post","link":"https:\/\/www.valledearce.com\/eu\/actualidad\/avisos-del-ayuntamiento\/informacion-publica-de-la-estrategia-y-modelo-de-ocupacion-del-territorio\/","title":{"rendered":"Lurraldea Okupatzeko Estrategia eta Eredua. Jendaurreko informazioa"},"content":{"rendered":"<p><br \/>\nArtzibarko Udalak, 2025eko abuztuaren 5ean egin osoko bilkuran, erabaki du Lurraldea Okupatzeko Estrategia eta Eredua (LOEE) onestea, Nu\u00f1o Mardones Fern\u00e1ndez de Valderrama, Diana Jurado Fern\u00e1ndez eta Marta Cabez\u00f3n Perez arkitektoek egindakoa, eta jendaurrean paratzea hilabetez, iragarki hau Nafarroako Aldizkari Ofizialean argitaratu eta biharamunetik aitzina, haren edukiarekin zerikusia duten iradokizunak edo oharrak jasotzeko. Epe horretan, edozein interesdunek aztertzen ahalko ditu LOEEaren agiriak, udal bulegoetan eta Artzibarko Udalaren web-orrian: https:\/\/www.valledearce.com\/plan-general-municipal\/.<\/p>\n<p>Argitara ematen da, bat etorriz 1\/2017 Legegintzako Foru Dekretuaren 71. artikuluan xedatuarekin (legegintzako foru dekretu horren bidez onetsi zen Lurraldearen Antolamenduari eta Hirigintzari buruzko Foru Legearen testu bategina).<\/p>\n<p>Artzibarren, 2025eko abuztuaren 14an.\u2013Alkatea, Javier Diez Huguet.<\/p>\n<p>Iragarkiaren kodea: L2510980<\/p>\n<p><a href=\"https:\/\/bon.navarra.es\/eu\/iragarkia\/-\/texto\/2025\/171\/35\" rel=\"nofollow noopener\" target=\"_blank\">https:\/\/bon.navarra.es\/eu\/iragarkia\/-\/texto\/2025\/171\/35<\/a><\/p>\n<p><\/p>","protected":false},"excerpt":{"rendered":"<p>Artzibarko Udalak, 2025eko abuztuaren 5ean egin osoko bilkuran, erabaki du Lurraldea Okupatzeko Estrategia eta Eredua (LOEE) onestea, Nu\u00f1o Mardones Fern\u00e1ndez de Valderrama, Diana Jurado Fern\u00e1ndez eta Marta Cabez\u00f3n Perez arkitektoek [&hellip;]<\/p>\n","protected":false},"author":1,"featured_media":0,"comment_status":"closed","ping_status":"open","sticky":false,"template":"","format":"standard","meta":{"_mi_skip_tracking":false,"_monsterinsights_sitenote_active":false,"_monsterinsights_sitenote_note":"","_monsterinsights_sitenote_category":0},"categories":[28],"tags":[],"amp_enabled":true,"_links":{"self":[{"href":"https:\/\/www.valledearce.com\/eu\/wp-json\/wp\/v2\/posts\/10941"}],"collection":[{"href":"https:\/\/www.valledearce.com\/eu\/wp-json\/wp\/v2\/posts"}],"about":[{"href":"https:\/\/www.valledearce.com\/eu\/wp-json\/wp\/v2\/types\/post"}],"author":[{"embeddable":true,"href":"https:\/\/www.valledearce.com\/eu\/wp-json\/wp\/v2\/users\/1"}],"replies":[{"embeddable":true,"href":"https:\/\/www.valledearce.com\/eu\/wp-json\/wp\/v2\/comments?post=10941"}],"version-history":[{"count":2,"href":"https:\/\/www.valledearce.com\/eu\/wp-json\/wp\/v2\/posts\/10941\/revisions"}],"predecessor-version":[{"id":10943,"href":"https:\/\/www.valledearce.com\/eu\/wp-json\/wp\/v2\/posts\/10941\/revisions\/10943"}],"wp:attachment":[{"href":"https:\/\/www.valledearce.com\/eu\/wp-json\/wp\/v2\/media?parent=10941"}],"wp:term":[{"taxonomy":"category","embeddable":true,"href":"https:\/\/www.valledearce.com\/eu\/wp-json\/wp\/v2\/categories?post=10941"},{"taxonomy":"post_tag","embeddable":true,"href":"https:\/\/www.valledearce.com\/eu\/wp-json\/wp\/v2\/tags?post=10941"}],"curies":[{"name":"wp","href":"https:\/\/api.w.org\/{rel}","templated":true}]}}